{"id":165,"date":"2025-02-27T12:54:09","date_gmt":"2025-02-27T10:54:09","guid":{"rendered":"https:\/\/www.turnverein-ebenfurth.at\/?p=165"},"modified":"2025-03-05T16:39:21","modified_gmt":"2025-03-05T15:39:21","slug":"faschingsturnen","status":"publish","type":"post","link":"https:\/\/www.turnverein-ebenfurth.at\/?p=165","title":{"rendered":"Faschingsturnen"},"content":{"rendered":"\n<p>Wie jedes Jahr fand auch dieses Jahr unser traditionelles Faschingsturnen statt \u2013 ein kunterbuntes Highlight, auf das sich die Kinder schon lange im Voraus freuten! In fantasievollen Kost\u00fcmen verwandelte sich unsere Turnhalle in einen fr\u00f6hlichen Abenteuerspielplatz voller Spa\u00df und Bewegung.<\/p>\n\n\n\n<p>Die Kinder konnten sich richtig austoben und gemeinsam jede Menge Freude erleben. Die Begeisterung war riesig Nat\u00fcrlich stand dabei der Spa\u00df immer im Vordergrund!<\/p>\n\n\n\n<p>Zum kr\u00f6nenden Abschluss gab es f\u00fcr alle eine s\u00fc\u00dfe Belohnung: frische Faschingskrapfen, die nach all der Bewegung gleich doppelt so gut schmeckten. Mit strahlenden Gesichtern und vielen sch\u00f6nen Erinnerungen endete ein rundum gelungenes Faschingsturnen \u2013 und alle sind sich einig: N\u00e4chstes Jahr sind wir wieder dabei! \ud83c\udfad\ud83c\udf89\ud83e\udd38\u200d\u2642\ufe0f<\/p>\n\n\n<div class=\"wp-block-catfolders-block-catfolders-gallery catf-wp-block-gallery\"><ul class=\"catf-blocks-gallery-grid catf-columns-4\"><li class=\"catf-blocks-gallery-item wp-block-image\"><figure><img decoding=\"async\" src=\"https:\/\/www.turnverein-ebenfurth.at\/wp-content\/uploads\/2025\/03\/Fsaching1.jpeg\" alt=\"Fasching1\" ><\/figure><\/li><li class=\"catf-blocks-gallery-item wp-block-image\"><figure><img decoding=\"async\" src=\"https:\/\/www.turnverein-ebenfurth.at\/wp-content\/uploads\/2025\/03\/Fsaching4.jpeg\" alt=\"Fasching4\" ><\/figure><\/li><li class=\"catf-blocks-gallery-item wp-block-image\"><figure><img decoding=\"async\" src=\"https:\/\/www.turnverein-ebenfurth.at\/wp-content\/uploads\/2025\/03\/WhatsApp-Image-2025-03-04-at-16.43.57.jpeg\" alt=\"Fasching2\" ><\/figure><\/li><li class=\"catf-blocks-gallery-item wp-block-image\"><figure><img decoding=\"async\" src=\"https:\/\/www.turnverein-ebenfurth.at\/wp-content\/uploads\/2025\/03\/WhatsApp-Image-2025-03-04-at-16.44.20.jpeg\" alt=\"Fasching3\" ><\/figure><\/li><\/ul><\/div>\n\n\n<p><\/p>\n","protected":false},"excerpt":{"rendered":"<p>Wie jedes Jahr fand auch dieses Jahr unser traditionelles Faschingsturnen statt \u2013 ein kunterbuntes Highlight, [&hellip;]<\/p>\n","protected":false},"author":5,"featured_media":0,"comment_status":"open","ping_status":"open","sticky":false,"template":"","format":"standard","meta":{"footnotes":""},"categories":[5],"tags":[],"class_list":["post-165","post","type-post","status-publish","format-standard","hentry","category-vergangenes-event"],"yoast_head":"<!-- This site is optimized with the Yoast SEO plugin v24.6 - https:\/\/yoast.com\/wordpress\/plugins\/seo\/ -->\n<title>Faschingsturnen - Turnvereien Ebenfurth<\/title>\n<meta name=\"robots\" content=\"index, follow, max-snippet:-1, max-image-preview:large, max-video-preview:-1\" \/>\n<link rel=\"canonical\" href=\"https:\/\/www.turnverein-ebenfurth.at\/?p=165\" \/>\n<meta property=\"og:locale\" content=\"de_DE\" \/>\n<meta property=\"og:type\" content=\"article\" \/>\n<meta property=\"og:title\" content=\"Faschingsturnen - Turnvereien Ebenfurth\" \/>\n<meta property=\"og:description\" content=\"Wie jedes Jahr fand auch dieses Jahr unser traditionelles Faschingsturnen statt \u2013 ein kunterbuntes Highlight, [&hellip;]\" \/>\n<meta property=\"og:url\" content=\"https:\/\/www.turnverein-ebenfurth.at\/?p=165\" \/>\n<meta property=\"og:site_name\" content=\"Turnvereien Ebenfurth\" \/>\n<meta property=\"article:published_time\" content=\"2025-02-27T10:54:09+00:00\" \/>\n<meta property=\"article:modified_time\" content=\"2025-03-05T15:39:21+00:00\" \/>\n<meta name=\"author\" content=\"Florian Schinninger\" \/>\n<meta name=\"twitter:card\" content=\"summary_large_image\" \/>\n<meta name=\"twitter:label1\" content=\"Verfasst von\" \/>\n\t<meta name=\"twitter:data1\" content=\"Florian Schinninger\" \/>\n\t<meta name=\"twitter:label2\" content=\"Gesch\u00e4tzte Lesezeit\" \/>\n\t<meta name=\"twitter:data2\" content=\"1\u00a0Minute\" \/>\n<script type=\"application\/ld+json\" class=\"yoast-schema-graph\">{\"@context\":\"https:\/\/schema.org\",\"@graph\":[{\"@type\":\"Article\",\"@id\":\"https:\/\/www.turnverein-ebenfurth.at\/?p=165#article\",\"isPartOf\":{\"@id\":\"https:\/\/www.turnverein-ebenfurth.at\/?p=165\"},\"author\":{\"name\":\"Florian Schinninger\",\"@id\":\"https:\/\/www.turnverein-ebenfurth.at\/#\/schema\/person\/432435dc27ce1a33b02cb4546b04717b\"},\"headline\":\"Faschingsturnen\",\"datePublished\":\"2025-02-27T10:54:09+00:00\",\"dateModified\":\"2025-03-05T15:39:21+00:00\",\"mainEntityOfPage\":{\"@id\":\"https:\/\/www.turnverein-ebenfurth.at\/?p=165\"},\"wordCount\":117,\"commentCount\":0,\"publisher\":{\"@id\":\"https:\/\/www.turnverein-ebenfurth.at\/#organization\"},\"articleSection\":[\"Vergangenes Event\"],\"inLanguage\":\"de\",\"potentialAction\":[{\"@type\":\"CommentAction\",\"name\":\"Comment\",\"target\":[\"https:\/\/www.turnverein-ebenfurth.at\/?p=165#respond\"]}]},{\"@type\":\"WebPage\",\"@id\":\"https:\/\/www.turnverein-ebenfurth.at\/?p=165\",\"url\":\"https:\/\/www.turnverein-ebenfurth.at\/?p=165\",\"name\":\"Faschingsturnen - Turnvereien Ebenfurth\",\"isPartOf\":{\"@id\":\"https:\/\/www.turnverein-ebenfurth.at\/#website\"},\"datePublished\":\"2025-02-27T10:54:09+00:00\",\"dateModified\":\"2025-03-05T15:39:21+00:00\",\"breadcrumb\":{\"@id\":\"https:\/\/www.turnverein-ebenfurth.at\/?p=165#breadcrumb\"},\"inLanguage\":\"de\",\"potentialAction\":[{\"@type\":\"ReadAction\",\"target\":[\"https:\/\/www.turnverein-ebenfurth.at\/?p=165\"]}]},{\"@type\":\"BreadcrumbList\",\"@id\":\"https:\/\/www.turnverein-ebenfurth.at\/?p=165#breadcrumb\",\"itemListElement\":[{\"@type\":\"ListItem\",\"position\":1,\"name\":\"Startseite\",\"item\":\"https:\/\/www.turnverein-ebenfurth.at\/\"},{\"@type\":\"ListItem\",\"position\":2,\"name\":\"Faschingsturnen\"}]},{\"@type\":\"WebSite\",\"@id\":\"https:\/\/www.turnverein-ebenfurth.at\/#website\",\"url\":\"https:\/\/www.turnverein-ebenfurth.at\/\",\"name\":\"St\u00e4dtischer Turnverein Ebenfurth\",\"description\":\"Turnverein Ebenfurth\",\"publisher\":{\"@id\":\"https:\/\/www.turnverein-ebenfurth.at\/#organization\"},\"alternateName\":\"Turnverein Ebenfurth\",\"potentialAction\":[{\"@type\":\"SearchAction\",\"target\":{\"@type\":\"EntryPoint\",\"urlTemplate\":\"https:\/\/www.turnverein-ebenfurth.at\/?s={search_term_string}\"},\"query-input\":{\"@type\":\"PropertyValueSpecification\",\"valueRequired\":true,\"valueName\":\"search_term_string\"}}],\"inLanguage\":\"de\"},{\"@type\":\"Organization\",\"@id\":\"https:\/\/www.turnverein-ebenfurth.at\/#organization\",\"name\":\"St\u00e4dtischer Turnverein Ebenfurth\",\"alternateName\":\"STV Ebenfurth\",\"url\":\"https:\/\/www.turnverein-ebenfurth.at\/\",\"logo\":{\"@type\":\"ImageObject\",\"inLanguage\":\"de\",\"@id\":\"https:\/\/www.turnverein-ebenfurth.at\/#\/schema\/logo\/image\/\",\"url\":\"https:\/\/www.turnverein-ebenfurth.at\/wp-content\/uploads\/2025\/03\/STV_Logo.jpg\",\"contentUrl\":\"https:\/\/www.turnverein-ebenfurth.at\/wp-content\/uploads\/2025\/03\/STV_Logo.jpg\",\"width\":413,\"height\":122,\"caption\":\"St\u00e4dtischer Turnverein Ebenfurth\"},\"image\":{\"@id\":\"https:\/\/www.turnverein-ebenfurth.at\/#\/schema\/logo\/image\/\"}},{\"@type\":\"Person\",\"@id\":\"https:\/\/www.turnverein-ebenfurth.at\/#\/schema\/person\/432435dc27ce1a33b02cb4546b04717b\",\"name\":\"Florian Schinninger\",\"image\":{\"@type\":\"ImageObject\",\"inLanguage\":\"de\",\"@id\":\"https:\/\/www.turnverein-ebenfurth.at\/#\/schema\/person\/image\/\",\"url\":\"https:\/\/secure.gravatar.com\/avatar\/84023a6465172344c939093c1c324695?s=96&d=mm&r=g\",\"contentUrl\":\"https:\/\/secure.gravatar.com\/avatar\/84023a6465172344c939093c1c324695?s=96&d=mm&r=g\",\"caption\":\"Florian Schinninger\"},\"url\":\"https:\/\/www.turnverein-ebenfurth.at\/?author=5\"}]}<\/script>\n<!-- \/ Yoast SEO plugin. -->","yoast_head_json":{"title":"Faschingsturnen - Turnvereien Ebenfurth","robots":{"index":"index","follow":"follow","max-snippet":"max-snippet:-1","max-image-preview":"max-image-preview:large","max-video-preview":"max-video-preview:-1"},"canonical":"https:\/\/www.turnverein-ebenfurth.at\/?p=165","og_locale":"de_DE","og_type":"article","og_title":"Faschingsturnen - Turnvereien Ebenfurth","og_description":"Wie jedes Jahr fand auch dieses Jahr unser traditionelles Faschingsturnen statt \u2013 ein kunterbuntes Highlight, [&hellip;]","og_url":"https:\/\/www.turnverein-ebenfurth.at\/?p=165","og_site_name":"Turnvereien Ebenfurth","article_published_time":"2025-02-27T10:54:09+00:00","article_modified_time":"2025-03-05T15:39:21+00:00","author":"Florian Schinninger","twitter_card":"summary_large_image","twitter_misc":{"Verfasst von":"Florian Schinninger","Gesch\u00e4tzte Lesezeit":"1\u00a0Minute"},"schema":{"@context":"https:\/\/schema.org","@graph":[{"@type":"Article","@id":"https:\/\/www.turnverein-ebenfurth.at\/?p=165#article","isPartOf":{"@id":"https:\/\/www.turnverein-ebenfurth.at\/?p=165"},"author":{"name":"Florian Schinninger","@id":"https:\/\/www.turnverein-ebenfurth.at\/#\/schema\/person\/432435dc27ce1a33b02cb4546b04717b"},"headline":"Faschingsturnen","datePublished":"2025-02-27T10:54:09+00:00","dateModified":"2025-03-05T15:39:21+00:00","mainEntityOfPage":{"@id":"https:\/\/www.turnverein-ebenfurth.at\/?p=165"},"wordCount":117,"commentCount":0,"publisher":{"@id":"https:\/\/www.turnverein-ebenfurth.at\/#organization"},"articleSection":["Vergangenes Event"],"inLanguage":"de","potentialAction":[{"@type":"CommentAction","name":"Comment","target":["https:\/\/www.turnverein-ebenfurth.at\/?p=165#respond"]}]},{"@type":"WebPage","@id":"https:\/\/www.turnverein-ebenfurth.at\/?p=165","url":"https:\/\/www.turnverein-ebenfurth.at\/?p=165","name":"Faschingsturnen - Turnvereien Ebenfurth","isPartOf":{"@id":"https:\/\/www.turnverein-ebenfurth.at\/#website"},"datePublished":"2025-02-27T10:54:09+00:00","dateModified":"2025-03-05T15:39:21+00:00","breadcrumb":{"@id":"https:\/\/www.turnverein-ebenfurth.at\/?p=165#breadcrumb"},"inLanguage":"de","potentialAction":[{"@type":"ReadAction","target":["https:\/\/www.turnverein-ebenfurth.at\/?p=165"]}]},{"@type":"BreadcrumbList","@id":"https:\/\/www.turnverein-ebenfurth.at\/?p=165#breadcrumb","itemListElement":[{"@type":"ListItem","position":1,"name":"Startseite","item":"https:\/\/www.turnverein-ebenfurth.at\/"},{"@type":"ListItem","position":2,"name":"Faschingsturnen"}]},{"@type":"WebSite","@id":"https:\/\/www.turnverein-ebenfurth.at\/#website","url":"https:\/\/www.turnverein-ebenfurth.at\/","name":"St\u00e4dtischer Turnverein Ebenfurth","description":"Turnverein Ebenfurth","publisher":{"@id":"https:\/\/www.turnverein-ebenfurth.at\/#organization"},"alternateName":"Turnverein Ebenfurth","potentialAction":[{"@type":"SearchAction","target":{"@type":"EntryPoint","urlTemplate":"https:\/\/www.turnverein-ebenfurth.at\/?s={search_term_string}"},"query-input":{"@type":"PropertyValueSpecification","valueRequired":true,"valueName":"search_term_string"}}],"inLanguage":"de"},{"@type":"Organization","@id":"https:\/\/www.turnverein-ebenfurth.at\/#organization","name":"St\u00e4dtischer Turnverein Ebenfurth","alternateName":"STV Ebenfurth","url":"https:\/\/www.turnverein-ebenfurth.at\/","logo":{"@type":"ImageObject","inLanguage":"de","@id":"https:\/\/www.turnverein-ebenfurth.at\/#\/schema\/logo\/image\/","url":"https:\/\/www.turnverein-ebenfurth.at\/wp-content\/uploads\/2025\/03\/STV_Logo.jpg","contentUrl":"https:\/\/www.turnverein-ebenfurth.at\/wp-content\/uploads\/2025\/03\/STV_Logo.jpg","width":413,"height":122,"caption":"St\u00e4dtischer Turnverein Ebenfurth"},"image":{"@id":"https:\/\/www.turnverein-ebenfurth.at\/#\/schema\/logo\/image\/"}},{"@type":"Person","@id":"https:\/\/www.turnverein-ebenfurth.at\/#\/schema\/person\/432435dc27ce1a33b02cb4546b04717b","name":"Florian Schinninger","image":{"@type":"ImageObject","inLanguage":"de","@id":"https:\/\/www.turnverein-ebenfurth.at\/#\/schema\/person\/image\/","url":"https:\/\/secure.gravatar.com\/avatar\/84023a6465172344c939093c1c324695?s=96&d=mm&r=g","contentUrl":"https:\/\/secure.gravatar.com\/avatar\/84023a6465172344c939093c1c324695?s=96&d=mm&r=g","caption":"Florian Schinninger"},"url":"https:\/\/www.turnverein-ebenfurth.at\/?author=5"}]}},"_links":{"self":[{"href":"https:\/\/www.turnverein-ebenfurth.at\/index.php?rest_route=\/wp\/v2\/posts\/165","targetHints":{"allow":["GET"]}}],"collection":[{"href":"https:\/\/www.turnverein-ebenfurth.at\/index.php?rest_route=\/wp\/v2\/posts"}],"about":[{"href":"https:\/\/www.turnverein-ebenfurth.at\/index.php?rest_route=\/wp\/v2\/types\/post"}],"author":[{"embeddable":true,"href":"https:\/\/www.turnverein-ebenfurth.at\/index.php?rest_route=\/wp\/v2\/users\/5"}],"replies":[{"embeddable":true,"href":"https:\/\/www.turnverein-ebenfurth.at\/index.php?rest_route=%2Fwp%2Fv2%2Fcomments&post=165"}],"version-history":[{"count":9,"href":"https:\/\/www.turnverein-ebenfurth.at\/index.php?rest_route=\/wp\/v2\/posts\/165\/revisions"}],"predecessor-version":[{"id":361,"href":"https:\/\/www.turnverein-ebenfurth.at\/index.php?rest_route=\/wp\/v2\/posts\/165\/revisions\/361"}],"wp:attachment":[{"href":"https:\/\/www.turnverein-ebenfurth.at\/index.php?rest_route=%2Fwp%2Fv2%2Fmedia&parent=165"}],"wp:term":[{"taxonomy":"category","embeddable":true,"href":"https:\/\/www.turnverein-ebenfurth.at\/index.php?rest_route=%2Fwp%2Fv2%2Fcategories&post=165"},{"taxonomy":"post_tag","embeddable":true,"href":"https:\/\/www.turnverein-ebenfurth.at\/index.php?rest_route=%2Fwp%2Fv2%2Ftags&post=165"}],"curies":[{"name":"wp","href":"https:\/\/api.w.org\/{rel}","templated":true}]}}