{"id":291,"date":"2024-12-20T16:30:59","date_gmt":"2024-12-20T15:30:59","guid":{"rendered":"https:\/\/www.turnverein-ebenfurth.at\/?p=291"},"modified":"2025-03-05T15:57:55","modified_gmt":"2025-03-05T14:57:55","slug":"oe3-weihnachtswunder","status":"publish","type":"post","link":"https:\/\/www.turnverein-ebenfurth.at\/?p=291","title":{"rendered":"\u00d63 Weihnachtswunder"},"content":{"rendered":"\n<p>Im Winter 2024 durften wir Teil einer ganz besonderen Aktion sein: dem <strong>\u00d63-Weihnachtswunder<\/strong>! Mit vollem Einsatz und viel Teamgeist stellten wir uns einer sportlichen Herausforderung \u2013 einer <strong>Liegest\u00fctz-Challenge<\/strong> f\u00fcr den guten Zweck. Jede einzelne Liegest\u00fctze z\u00e4hlte, denn f\u00fcr jede wurde <strong>ein Euro gespendet<\/strong>.<\/p>\n\n\n\n<p>Motiviert von der gemeinsamen Mission, gaben Gro\u00df und Klein ihr Bestes. Ob einzeln, in Gruppen oder als ganze Familien \u2013 alle machten mit und zeigten, was in ihnen steckt! Der Ehrgeiz war riesig, und am Ende konnten wir eine unglaubliche <strong>Spendensumme von \u00fcber 2.500 Euro<\/strong> sammeln.<\/p>\n\n\n\n<p>Es war ein gro\u00dfartiges Erlebnis, das zeigte, wie viel man gemeinsam bewegen kann \u2013 im wahrsten Sinne des Wortes! Wir sind stolz auf alle, die mitgemacht haben, und freuen uns, dass wir mit unserer Aktion einen kleinen Beitrag f\u00fcr den guten Zweck leisten konnten. \ud83d\udcaa\ud83c\udf84\u2728<\/p>\n\n\n<div class=\"wp-block-catfolders-block-catfolders-gallery catf-wp-block-gallery\"><ul class=\"catf-blocks-gallery-grid catf-columns-4\"><li class=\"catf-blocks-gallery-item wp-block-image\"><figure><img decoding=\"async\" src=\"https:\/\/www.turnverein-ebenfurth.at\/wp-content\/uploads\/2025\/03\/WhatsApp-Image-2024-12-22-at-14.37.54.jpeg\" alt=\"Weihnachtswunder2\" ><\/figure><\/li><li class=\"catf-blocks-gallery-item wp-block-image\"><figure><img decoding=\"async\" src=\"https:\/\/www.turnverein-ebenfurth.at\/wp-content\/uploads\/2025\/03\/WhatsApp-Image-2024-12-13-at-21.51.15.jpeg\" alt=\"Weihnachtswunder1\" ><\/figure><\/li><\/ul><\/div>","protected":false},"excerpt":{"rendered":"<p>Im Winter 2024 durften wir Teil einer ganz besonderen Aktion sein: dem \u00d63-Weihnachtswunder! Mit vollem [&hellip;]<\/p>\n","protected":false},"author":5,"featured_media":0,"comment_status":"closed","ping_status":"open","sticky":false,"template":"","format":"standard","meta":{"footnotes":""},"categories":[1],"tags":[],"class_list":["post-291","post","type-post","status-publish","format-standard","hentry","category-uncategorized"],"yoast_head":"<!-- This site is optimized with the Yoast SEO plugin v24.6 - https:\/\/yoast.com\/wordpress\/plugins\/seo\/ -->\n<title>\u00d63 Weihnachtswunder - Turnvereien Ebenfurth<\/title>\n<meta name=\"robots\" content=\"index, follow, max-snippet:-1, max-image-preview:large, max-video-preview:-1\" \/>\n<link rel=\"canonical\" href=\"https:\/\/www.turnverein-ebenfurth.at\/?p=291\" \/>\n<meta property=\"og:locale\" content=\"de_DE\" \/>\n<meta property=\"og:type\" content=\"article\" \/>\n<meta property=\"og:title\" content=\"\u00d63 Weihnachtswunder - Turnvereien Ebenfurth\" \/>\n<meta property=\"og:description\" content=\"Im Winter 2024 durften wir Teil einer ganz besonderen Aktion sein: dem \u00d63-Weihnachtswunder! Mit vollem [&hellip;]\" \/>\n<meta property=\"og:url\" content=\"https:\/\/www.turnverein-ebenfurth.at\/?p=291\" \/>\n<meta property=\"og:site_name\" content=\"Turnvereien Ebenfurth\" \/>\n<meta property=\"article:published_time\" content=\"2024-12-20T15:30:59+00:00\" \/>\n<meta property=\"article:modified_time\" content=\"2025-03-05T14:57:55+00:00\" \/>\n<meta name=\"author\" content=\"Florian Schinninger\" \/>\n<meta name=\"twitter:card\" content=\"summary_large_image\" \/>\n<meta name=\"twitter:label1\" content=\"Verfasst von\" \/>\n\t<meta name=\"twitter:data1\" content=\"Florian Schinninger\" \/>\n\t<meta name=\"twitter:label2\" content=\"Gesch\u00e4tzte Lesezeit\" \/>\n\t<meta name=\"twitter:data2\" content=\"1\u00a0Minute\" \/>\n<script type=\"application\/ld+json\" class=\"yoast-schema-graph\">{\"@context\":\"https:\/\/schema.org\",\"@graph\":[{\"@type\":\"Article\",\"@id\":\"https:\/\/www.turnverein-ebenfurth.at\/?p=291#article\",\"isPartOf\":{\"@id\":\"https:\/\/www.turnverein-ebenfurth.at\/?p=291\"},\"author\":{\"name\":\"Florian Schinninger\",\"@id\":\"https:\/\/www.turnverein-ebenfurth.at\/#\/schema\/person\/432435dc27ce1a33b02cb4546b04717b\"},\"headline\":\"\u00d63 Weihnachtswunder\",\"datePublished\":\"2024-12-20T15:30:59+00:00\",\"dateModified\":\"2025-03-05T14:57:55+00:00\",\"mainEntityOfPage\":{\"@id\":\"https:\/\/www.turnverein-ebenfurth.at\/?p=291\"},\"wordCount\":136,\"publisher\":{\"@id\":\"https:\/\/www.turnverein-ebenfurth.at\/#organization\"},\"articleSection\":[\"Uncategorized\"],\"inLanguage\":\"de\"},{\"@type\":\"WebPage\",\"@id\":\"https:\/\/www.turnverein-ebenfurth.at\/?p=291\",\"url\":\"https:\/\/www.turnverein-ebenfurth.at\/?p=291\",\"name\":\"\u00d63 Weihnachtswunder - Turnvereien Ebenfurth\",\"isPartOf\":{\"@id\":\"https:\/\/www.turnverein-ebenfurth.at\/#website\"},\"datePublished\":\"2024-12-20T15:30:59+00:00\",\"dateModified\":\"2025-03-05T14:57:55+00:00\",\"breadcrumb\":{\"@id\":\"https:\/\/www.turnverein-ebenfurth.at\/?p=291#breadcrumb\"},\"inLanguage\":\"de\",\"potentialAction\":[{\"@type\":\"ReadAction\",\"target\":[\"https:\/\/www.turnverein-ebenfurth.at\/?p=291\"]}]},{\"@type\":\"BreadcrumbList\",\"@id\":\"https:\/\/www.turnverein-ebenfurth.at\/?p=291#breadcrumb\",\"itemListElement\":[{\"@type\":\"ListItem\",\"position\":1,\"name\":\"Startseite\",\"item\":\"https:\/\/www.turnverein-ebenfurth.at\/\"},{\"@type\":\"ListItem\",\"position\":2,\"name\":\"\u00d63 Weihnachtswunder\"}]},{\"@type\":\"WebSite\",\"@id\":\"https:\/\/www.turnverein-ebenfurth.at\/#website\",\"url\":\"https:\/\/www.turnverein-ebenfurth.at\/\",\"name\":\"St\u00e4dtischer Turnverein Ebenfurth\",\"description\":\"Turnverein Ebenfurth\",\"publisher\":{\"@id\":\"https:\/\/www.turnverein-ebenfurth.at\/#organization\"},\"alternateName\":\"Turnverein Ebenfurth\",\"potentialAction\":[{\"@type\":\"SearchAction\",\"target\":{\"@type\":\"EntryPoint\",\"urlTemplate\":\"https:\/\/www.turnverein-ebenfurth.at\/?s={search_term_string}\"},\"query-input\":{\"@type\":\"PropertyValueSpecification\",\"valueRequired\":true,\"valueName\":\"search_term_string\"}}],\"inLanguage\":\"de\"},{\"@type\":\"Organization\",\"@id\":\"https:\/\/www.turnverein-ebenfurth.at\/#organization\",\"name\":\"St\u00e4dtischer Turnverein Ebenfurth\",\"alternateName\":\"STV Ebenfurth\",\"url\":\"https:\/\/www.turnverein-ebenfurth.at\/\",\"logo\":{\"@type\":\"ImageObject\",\"inLanguage\":\"de\",\"@id\":\"https:\/\/www.turnverein-ebenfurth.at\/#\/schema\/logo\/image\/\",\"url\":\"https:\/\/www.turnverein-ebenfurth.at\/wp-content\/uploads\/2025\/03\/STV_Logo.jpg\",\"contentUrl\":\"https:\/\/www.turnverein-ebenfurth.at\/wp-content\/uploads\/2025\/03\/STV_Logo.jpg\",\"width\":413,\"height\":122,\"caption\":\"St\u00e4dtischer Turnverein Ebenfurth\"},\"image\":{\"@id\":\"https:\/\/www.turnverein-ebenfurth.at\/#\/schema\/logo\/image\/\"}},{\"@type\":\"Person\",\"@id\":\"https:\/\/www.turnverein-ebenfurth.at\/#\/schema\/person\/432435dc27ce1a33b02cb4546b04717b\",\"name\":\"Florian Schinninger\",\"image\":{\"@type\":\"ImageObject\",\"inLanguage\":\"de\",\"@id\":\"https:\/\/www.turnverein-ebenfurth.at\/#\/schema\/person\/image\/\",\"url\":\"https:\/\/secure.gravatar.com\/avatar\/84023a6465172344c939093c1c324695?s=96&d=mm&r=g\",\"contentUrl\":\"https:\/\/secure.gravatar.com\/avatar\/84023a6465172344c939093c1c324695?s=96&d=mm&r=g\",\"caption\":\"Florian Schinninger\"},\"url\":\"https:\/\/www.turnverein-ebenfurth.at\/?author=5\"}]}<\/script>\n<!-- \/ Yoast SEO plugin. -->","yoast_head_json":{"title":"\u00d63 Weihnachtswunder - Turnvereien Ebenfurth","robots":{"index":"index","follow":"follow","max-snippet":"max-snippet:-1","max-image-preview":"max-image-preview:large","max-video-preview":"max-video-preview:-1"},"canonical":"https:\/\/www.turnverein-ebenfurth.at\/?p=291","og_locale":"de_DE","og_type":"article","og_title":"\u00d63 Weihnachtswunder - Turnvereien Ebenfurth","og_description":"Im Winter 2024 durften wir Teil einer ganz besonderen Aktion sein: dem \u00d63-Weihnachtswunder! Mit vollem [&hellip;]","og_url":"https:\/\/www.turnverein-ebenfurth.at\/?p=291","og_site_name":"Turnvereien Ebenfurth","article_published_time":"2024-12-20T15:30:59+00:00","article_modified_time":"2025-03-05T14:57:55+00:00","author":"Florian Schinninger","twitter_card":"summary_large_image","twitter_misc":{"Verfasst von":"Florian Schinninger","Gesch\u00e4tzte Lesezeit":"1\u00a0Minute"},"schema":{"@context":"https:\/\/schema.org","@graph":[{"@type":"Article","@id":"https:\/\/www.turnverein-ebenfurth.at\/?p=291#article","isPartOf":{"@id":"https:\/\/www.turnverein-ebenfurth.at\/?p=291"},"author":{"name":"Florian Schinninger","@id":"https:\/\/www.turnverein-ebenfurth.at\/#\/schema\/person\/432435dc27ce1a33b02cb4546b04717b"},"headline":"\u00d63 Weihnachtswunder","datePublished":"2024-12-20T15:30:59+00:00","dateModified":"2025-03-05T14:57:55+00:00","mainEntityOfPage":{"@id":"https:\/\/www.turnverein-ebenfurth.at\/?p=291"},"wordCount":136,"publisher":{"@id":"https:\/\/www.turnverein-ebenfurth.at\/#organization"},"articleSection":["Uncategorized"],"inLanguage":"de"},{"@type":"WebPage","@id":"https:\/\/www.turnverein-ebenfurth.at\/?p=291","url":"https:\/\/www.turnverein-ebenfurth.at\/?p=291","name":"\u00d63 Weihnachtswunder - Turnvereien Ebenfurth","isPartOf":{"@id":"https:\/\/www.turnverein-ebenfurth.at\/#website"},"datePublished":"2024-12-20T15:30:59+00:00","dateModified":"2025-03-05T14:57:55+00:00","breadcrumb":{"@id":"https:\/\/www.turnverein-ebenfurth.at\/?p=291#breadcrumb"},"inLanguage":"de","potentialAction":[{"@type":"ReadAction","target":["https:\/\/www.turnverein-ebenfurth.at\/?p=291"]}]},{"@type":"BreadcrumbList","@id":"https:\/\/www.turnverein-ebenfurth.at\/?p=291#breadcrumb","itemListElement":[{"@type":"ListItem","position":1,"name":"Startseite","item":"https:\/\/www.turnverein-ebenfurth.at\/"},{"@type":"ListItem","position":2,"name":"\u00d63 Weihnachtswunder"}]},{"@type":"WebSite","@id":"https:\/\/www.turnverein-ebenfurth.at\/#website","url":"https:\/\/www.turnverein-ebenfurth.at\/","name":"St\u00e4dtischer Turnverein Ebenfurth","description":"Turnverein Ebenfurth","publisher":{"@id":"https:\/\/www.turnverein-ebenfurth.at\/#organization"},"alternateName":"Turnverein Ebenfurth","potentialAction":[{"@type":"SearchAction","target":{"@type":"EntryPoint","urlTemplate":"https:\/\/www.turnverein-ebenfurth.at\/?s={search_term_string}"},"query-input":{"@type":"PropertyValueSpecification","valueRequired":true,"valueName":"search_term_string"}}],"inLanguage":"de"},{"@type":"Organization","@id":"https:\/\/www.turnverein-ebenfurth.at\/#organization","name":"St\u00e4dtischer Turnverein Ebenfurth","alternateName":"STV Ebenfurth","url":"https:\/\/www.turnverein-ebenfurth.at\/","logo":{"@type":"ImageObject","inLanguage":"de","@id":"https:\/\/www.turnverein-ebenfurth.at\/#\/schema\/logo\/image\/","url":"https:\/\/www.turnverein-ebenfurth.at\/wp-content\/uploads\/2025\/03\/STV_Logo.jpg","contentUrl":"https:\/\/www.turnverein-ebenfurth.at\/wp-content\/uploads\/2025\/03\/STV_Logo.jpg","width":413,"height":122,"caption":"St\u00e4dtischer Turnverein Ebenfurth"},"image":{"@id":"https:\/\/www.turnverein-ebenfurth.at\/#\/schema\/logo\/image\/"}},{"@type":"Person","@id":"https:\/\/www.turnverein-ebenfurth.at\/#\/schema\/person\/432435dc27ce1a33b02cb4546b04717b","name":"Florian Schinninger","image":{"@type":"ImageObject","inLanguage":"de","@id":"https:\/\/www.turnverein-ebenfurth.at\/#\/schema\/person\/image\/","url":"https:\/\/secure.gravatar.com\/avatar\/84023a6465172344c939093c1c324695?s=96&d=mm&r=g","contentUrl":"https:\/\/secure.gravatar.com\/avatar\/84023a6465172344c939093c1c324695?s=96&d=mm&r=g","caption":"Florian Schinninger"},"url":"https:\/\/www.turnverein-ebenfurth.at\/?author=5"}]}},"_links":{"self":[{"href":"https:\/\/www.turnverein-ebenfurth.at\/index.php?rest_route=\/wp\/v2\/posts\/291","targetHints":{"allow":["GET"]}}],"collection":[{"href":"https:\/\/www.turnverein-ebenfurth.at\/index.php?rest_route=\/wp\/v2\/posts"}],"about":[{"href":"https:\/\/www.turnverein-ebenfurth.at\/index.php?rest_route=\/wp\/v2\/types\/post"}],"author":[{"embeddable":true,"href":"https:\/\/www.turnverein-ebenfurth.at\/index.php?rest_route=\/wp\/v2\/users\/5"}],"replies":[{"embeddable":true,"href":"https:\/\/www.turnverein-ebenfurth.at\/index.php?rest_route=%2Fwp%2Fv2%2Fcomments&post=291"}],"version-history":[{"count":4,"href":"https:\/\/www.turnverein-ebenfurth.at\/index.php?rest_route=\/wp\/v2\/posts\/291\/revisions"}],"predecessor-version":[{"id":362,"href":"https:\/\/www.turnverein-ebenfurth.at\/index.php?rest_route=\/wp\/v2\/posts\/291\/revisions\/362"}],"wp:attachment":[{"href":"https:\/\/www.turnverein-ebenfurth.at\/index.php?rest_route=%2Fwp%2Fv2%2Fmedia&parent=291"}],"wp:term":[{"taxonomy":"category","embeddable":true,"href":"https:\/\/www.turnverein-ebenfurth.at\/index.php?rest_route=%2Fwp%2Fv2%2Fcategories&post=291"},{"taxonomy":"post_tag","embeddable":true,"href":"https:\/\/www.turnverein-ebenfurth.at\/index.php?rest_route=%2Fwp%2Fv2%2Ftags&post=291"}],"curies":[{"name":"wp","href":"https:\/\/api.w.org\/{rel}","templated":true}]}}