{"id":497,"date":"2025-06-16T19:04:45","date_gmt":"2025-06-16T18:04:45","guid":{"rendered":"https:\/\/www.turnverein-ebenfurth.at\/?p=497"},"modified":"2025-06-25T12:11:40","modified_gmt":"2025-06-25T11:11:40","slug":"turnabschluss-2025","status":"publish","type":"post","link":"https:\/\/www.turnverein-ebenfurth.at\/?p=497","title":{"rendered":"Turnabschluss 2025"},"content":{"rendered":"\n<p><strong>Eisgenuss zum Saisonende<\/strong><\/p>\n\n\n\n<p>Der Turnabschluss 2025 wurde bei herrlichem Wetter und bester Stimmung gefeiert \u2013 und wie k\u00f6nnte man das Turnjahr sch\u00f6ner ausklingen lassen als mit einem gemeinsamen Eisessen? Der Andrang war gro\u00df, denn das leckere Eis kam bei allen kleinen und gro\u00dfen Turnerinnen und Turnern bestens an.<\/p>\n\n\n\n<p>Ein herzliches Dankesch\u00f6n gilt unserem B\u00fcrgermeister, der das Eis gro\u00dfz\u00fcgig gesponsert hat, sowie <strong>Eisdream in Neufeld<\/strong>, von wo das k\u00f6stliche Eis stammte \u2013 ein echtes Highlight f\u00fcr alle!<\/p>\n\n\n\n<p>Es war ein rundum gelungener Abschluss eines sportlichen und erfolgreichen Jahres. Danke an alle, die mit Engagement, Freude und Zusammenhalt dieses Turnjahr mitgestaltet haben.<\/p>\n\n\n\n<p>Wir freuen uns schon auf viele weitere gemeinsame Turnstunden im neuen Jahr!<\/p>\n\n\n<div class=\"wp-block-catfolders-block-catfolders-gallery catf-wp-block-gallery\"><ul class=\"catf-blocks-gallery-grid is-style-masonry catf-columns-3\"><li class=\"catf-blocks-gallery-item wp-block-image\"><figure><img decoding=\"async\" src=\"https:\/\/www.turnverein-ebenfurth.at\/wp-content\/uploads\/2025\/06\/IMG_8880-scaled.jpg\" alt=\"IMG_8880\" ><\/figure><\/li><li class=\"catf-blocks-gallery-item wp-block-image\"><figure><img decoding=\"async\" src=\"https:\/\/www.turnverein-ebenfurth.at\/wp-content\/uploads\/2025\/06\/IMG_8882-scaled.jpg\" alt=\"IMG_8882\" ><\/figure><\/li><li class=\"catf-blocks-gallery-item wp-block-image\"><figure><img decoding=\"async\" src=\"https:\/\/www.turnverein-ebenfurth.at\/wp-content\/uploads\/2025\/06\/IMG_8884-scaled.jpg\" alt=\"IMG_8884\" ><\/figure><\/li><li class=\"catf-blocks-gallery-item wp-block-image\"><figure><img decoding=\"async\" src=\"https:\/\/www.turnverein-ebenfurth.at\/wp-content\/uploads\/2025\/06\/IMG_8901-scaled.jpg\" alt=\"IMG_8901\" ><\/figure><\/li><li class=\"catf-blocks-gallery-item wp-block-image\"><figure><img decoding=\"async\" src=\"https:\/\/www.turnverein-ebenfurth.at\/wp-content\/uploads\/2025\/06\/IMG_8895-scaled.jpg\" alt=\"IMG_8895\" ><\/figure><\/li><\/ul><\/div>","protected":false},"excerpt":{"rendered":"<p>Eisgenuss zum Saisonende Der Turnabschluss 2025 wurde bei herrlichem Wetter und bester Stimmung gefeiert \u2013 [&hellip;]<\/p>\n","protected":false},"author":5,"featured_media":0,"comment_status":"closed","ping_status":"open","sticky":false,"template":"","format":"standard","meta":{"footnotes":""},"categories":[1],"tags":[],"class_list":["post-497","post","type-post","status-publish","format-standard","hentry","category-uncategorized"],"yoast_head":"<!-- This site is optimized with the Yoast SEO plugin v24.6 - https:\/\/yoast.com\/wordpress\/plugins\/seo\/ -->\n<title>Turnabschluss 2025 - Turnvereien Ebenfurth<\/title>\n<meta name=\"robots\" content=\"index, follow, max-snippet:-1, max-image-preview:large, max-video-preview:-1\" \/>\n<link rel=\"canonical\" href=\"https:\/\/www.turnverein-ebenfurth.at\/?p=497\" \/>\n<meta property=\"og:locale\" content=\"de_DE\" \/>\n<meta property=\"og:type\" content=\"article\" \/>\n<meta property=\"og:title\" content=\"Turnabschluss 2025 - Turnvereien Ebenfurth\" \/>\n<meta property=\"og:description\" content=\"Eisgenuss zum Saisonende Der Turnabschluss 2025 wurde bei herrlichem Wetter und bester Stimmung gefeiert \u2013 [&hellip;]\" \/>\n<meta property=\"og:url\" content=\"https:\/\/www.turnverein-ebenfurth.at\/?p=497\" \/>\n<meta property=\"og:site_name\" content=\"Turnvereien Ebenfurth\" \/>\n<meta property=\"article:published_time\" content=\"2025-06-16T18:04:45+00:00\" \/>\n<meta property=\"article:modified_time\" content=\"2025-06-25T11:11:40+00:00\" \/>\n<meta name=\"author\" content=\"Florian Schinninger\" \/>\n<meta name=\"twitter:card\" content=\"summary_large_image\" \/>\n<meta name=\"twitter:label1\" content=\"Verfasst von\" \/>\n\t<meta name=\"twitter:data1\" content=\"Florian Schinninger\" \/>\n\t<meta name=\"twitter:label2\" content=\"Gesch\u00e4tzte Lesezeit\" \/>\n\t<meta name=\"twitter:data2\" content=\"1\u00a0Minute\" \/>\n<script type=\"application\/ld+json\" class=\"yoast-schema-graph\">{\"@context\":\"https:\/\/schema.org\",\"@graph\":[{\"@type\":\"Article\",\"@id\":\"https:\/\/www.turnverein-ebenfurth.at\/?p=497#article\",\"isPartOf\":{\"@id\":\"https:\/\/www.turnverein-ebenfurth.at\/?p=497\"},\"author\":{\"name\":\"Florian Schinninger\",\"@id\":\"https:\/\/www.turnverein-ebenfurth.at\/#\/schema\/person\/432435dc27ce1a33b02cb4546b04717b\"},\"headline\":\"Turnabschluss 2025\",\"datePublished\":\"2025-06-16T18:04:45+00:00\",\"dateModified\":\"2025-06-25T11:11:40+00:00\",\"mainEntityOfPage\":{\"@id\":\"https:\/\/www.turnverein-ebenfurth.at\/?p=497\"},\"wordCount\":119,\"publisher\":{\"@id\":\"https:\/\/www.turnverein-ebenfurth.at\/#organization\"},\"articleSection\":[\"Uncategorized\"],\"inLanguage\":\"de\"},{\"@type\":\"WebPage\",\"@id\":\"https:\/\/www.turnverein-ebenfurth.at\/?p=497\",\"url\":\"https:\/\/www.turnverein-ebenfurth.at\/?p=497\",\"name\":\"Turnabschluss 2025 - Turnvereien Ebenfurth\",\"isPartOf\":{\"@id\":\"https:\/\/www.turnverein-ebenfurth.at\/#website\"},\"datePublished\":\"2025-06-16T18:04:45+00:00\",\"dateModified\":\"2025-06-25T11:11:40+00:00\",\"breadcrumb\":{\"@id\":\"https:\/\/www.turnverein-ebenfurth.at\/?p=497#breadcrumb\"},\"inLanguage\":\"de\",\"potentialAction\":[{\"@type\":\"ReadAction\",\"target\":[\"https:\/\/www.turnverein-ebenfurth.at\/?p=497\"]}]},{\"@type\":\"BreadcrumbList\",\"@id\":\"https:\/\/www.turnverein-ebenfurth.at\/?p=497#breadcrumb\",\"itemListElement\":[{\"@type\":\"ListItem\",\"position\":1,\"name\":\"Startseite\",\"item\":\"https:\/\/www.turnverein-ebenfurth.at\/\"},{\"@type\":\"ListItem\",\"position\":2,\"name\":\"Turnabschluss 2025\"}]},{\"@type\":\"WebSite\",\"@id\":\"https:\/\/www.turnverein-ebenfurth.at\/#website\",\"url\":\"https:\/\/www.turnverein-ebenfurth.at\/\",\"name\":\"St\u00e4dtischer Turnverein Ebenfurth\",\"description\":\"Turnverein Ebenfurth\",\"publisher\":{\"@id\":\"https:\/\/www.turnverein-ebenfurth.at\/#organization\"},\"alternateName\":\"Turnverein Ebenfurth\",\"potentialAction\":[{\"@type\":\"SearchAction\",\"target\":{\"@type\":\"EntryPoint\",\"urlTemplate\":\"https:\/\/www.turnverein-ebenfurth.at\/?s={search_term_string}\"},\"query-input\":{\"@type\":\"PropertyValueSpecification\",\"valueRequired\":true,\"valueName\":\"search_term_string\"}}],\"inLanguage\":\"de\"},{\"@type\":\"Organization\",\"@id\":\"https:\/\/www.turnverein-ebenfurth.at\/#organization\",\"name\":\"St\u00e4dtischer Turnverein Ebenfurth\",\"alternateName\":\"STV Ebenfurth\",\"url\":\"https:\/\/www.turnverein-ebenfurth.at\/\",\"logo\":{\"@type\":\"ImageObject\",\"inLanguage\":\"de\",\"@id\":\"https:\/\/www.turnverein-ebenfurth.at\/#\/schema\/logo\/image\/\",\"url\":\"https:\/\/www.turnverein-ebenfurth.at\/wp-content\/uploads\/2025\/03\/STV_Logo.jpg\",\"contentUrl\":\"https:\/\/www.turnverein-ebenfurth.at\/wp-content\/uploads\/2025\/03\/STV_Logo.jpg\",\"width\":413,\"height\":122,\"caption\":\"St\u00e4dtischer Turnverein Ebenfurth\"},\"image\":{\"@id\":\"https:\/\/www.turnverein-ebenfurth.at\/#\/schema\/logo\/image\/\"}},{\"@type\":\"Person\",\"@id\":\"https:\/\/www.turnverein-ebenfurth.at\/#\/schema\/person\/432435dc27ce1a33b02cb4546b04717b\",\"name\":\"Florian Schinninger\",\"image\":{\"@type\":\"ImageObject\",\"inLanguage\":\"de\",\"@id\":\"https:\/\/www.turnverein-ebenfurth.at\/#\/schema\/person\/image\/\",\"url\":\"https:\/\/secure.gravatar.com\/avatar\/84023a6465172344c939093c1c324695?s=96&d=mm&r=g\",\"contentUrl\":\"https:\/\/secure.gravatar.com\/avatar\/84023a6465172344c939093c1c324695?s=96&d=mm&r=g\",\"caption\":\"Florian Schinninger\"},\"url\":\"https:\/\/www.turnverein-ebenfurth.at\/?author=5\"}]}<\/script>\n<!-- \/ Yoast SEO plugin. -->","yoast_head_json":{"title":"Turnabschluss 2025 - Turnvereien Ebenfurth","robots":{"index":"index","follow":"follow","max-snippet":"max-snippet:-1","max-image-preview":"max-image-preview:large","max-video-preview":"max-video-preview:-1"},"canonical":"https:\/\/www.turnverein-ebenfurth.at\/?p=497","og_locale":"de_DE","og_type":"article","og_title":"Turnabschluss 2025 - Turnvereien Ebenfurth","og_description":"Eisgenuss zum Saisonende Der Turnabschluss 2025 wurde bei herrlichem Wetter und bester Stimmung gefeiert \u2013 [&hellip;]","og_url":"https:\/\/www.turnverein-ebenfurth.at\/?p=497","og_site_name":"Turnvereien Ebenfurth","article_published_time":"2025-06-16T18:04:45+00:00","article_modified_time":"2025-06-25T11:11:40+00:00","author":"Florian Schinninger","twitter_card":"summary_large_image","twitter_misc":{"Verfasst von":"Florian Schinninger","Gesch\u00e4tzte Lesezeit":"1\u00a0Minute"},"schema":{"@context":"https:\/\/schema.org","@graph":[{"@type":"Article","@id":"https:\/\/www.turnverein-ebenfurth.at\/?p=497#article","isPartOf":{"@id":"https:\/\/www.turnverein-ebenfurth.at\/?p=497"},"author":{"name":"Florian Schinninger","@id":"https:\/\/www.turnverein-ebenfurth.at\/#\/schema\/person\/432435dc27ce1a33b02cb4546b04717b"},"headline":"Turnabschluss 2025","datePublished":"2025-06-16T18:04:45+00:00","dateModified":"2025-06-25T11:11:40+00:00","mainEntityOfPage":{"@id":"https:\/\/www.turnverein-ebenfurth.at\/?p=497"},"wordCount":119,"publisher":{"@id":"https:\/\/www.turnverein-ebenfurth.at\/#organization"},"articleSection":["Uncategorized"],"inLanguage":"de"},{"@type":"WebPage","@id":"https:\/\/www.turnverein-ebenfurth.at\/?p=497","url":"https:\/\/www.turnverein-ebenfurth.at\/?p=497","name":"Turnabschluss 2025 - Turnvereien Ebenfurth","isPartOf":{"@id":"https:\/\/www.turnverein-ebenfurth.at\/#website"},"datePublished":"2025-06-16T18:04:45+00:00","dateModified":"2025-06-25T11:11:40+00:00","breadcrumb":{"@id":"https:\/\/www.turnverein-ebenfurth.at\/?p=497#breadcrumb"},"inLanguage":"de","potentialAction":[{"@type":"ReadAction","target":["https:\/\/www.turnverein-ebenfurth.at\/?p=497"]}]},{"@type":"BreadcrumbList","@id":"https:\/\/www.turnverein-ebenfurth.at\/?p=497#breadcrumb","itemListElement":[{"@type":"ListItem","position":1,"name":"Startseite","item":"https:\/\/www.turnverein-ebenfurth.at\/"},{"@type":"ListItem","position":2,"name":"Turnabschluss 2025"}]},{"@type":"WebSite","@id":"https:\/\/www.turnverein-ebenfurth.at\/#website","url":"https:\/\/www.turnverein-ebenfurth.at\/","name":"St\u00e4dtischer Turnverein Ebenfurth","description":"Turnverein Ebenfurth","publisher":{"@id":"https:\/\/www.turnverein-ebenfurth.at\/#organization"},"alternateName":"Turnverein Ebenfurth","potentialAction":[{"@type":"SearchAction","target":{"@type":"EntryPoint","urlTemplate":"https:\/\/www.turnverein-ebenfurth.at\/?s={search_term_string}"},"query-input":{"@type":"PropertyValueSpecification","valueRequired":true,"valueName":"search_term_string"}}],"inLanguage":"de"},{"@type":"Organization","@id":"https:\/\/www.turnverein-ebenfurth.at\/#organization","name":"St\u00e4dtischer Turnverein Ebenfurth","alternateName":"STV Ebenfurth","url":"https:\/\/www.turnverein-ebenfurth.at\/","logo":{"@type":"ImageObject","inLanguage":"de","@id":"https:\/\/www.turnverein-ebenfurth.at\/#\/schema\/logo\/image\/","url":"https:\/\/www.turnverein-ebenfurth.at\/wp-content\/uploads\/2025\/03\/STV_Logo.jpg","contentUrl":"https:\/\/www.turnverein-ebenfurth.at\/wp-content\/uploads\/2025\/03\/STV_Logo.jpg","width":413,"height":122,"caption":"St\u00e4dtischer Turnverein Ebenfurth"},"image":{"@id":"https:\/\/www.turnverein-ebenfurth.at\/#\/schema\/logo\/image\/"}},{"@type":"Person","@id":"https:\/\/www.turnverein-ebenfurth.at\/#\/schema\/person\/432435dc27ce1a33b02cb4546b04717b","name":"Florian Schinninger","image":{"@type":"ImageObject","inLanguage":"de","@id":"https:\/\/www.turnverein-ebenfurth.at\/#\/schema\/person\/image\/","url":"https:\/\/secure.gravatar.com\/avatar\/84023a6465172344c939093c1c324695?s=96&d=mm&r=g","contentUrl":"https:\/\/secure.gravatar.com\/avatar\/84023a6465172344c939093c1c324695?s=96&d=mm&r=g","caption":"Florian Schinninger"},"url":"https:\/\/www.turnverein-ebenfurth.at\/?author=5"}]}},"_links":{"self":[{"href":"https:\/\/www.turnverein-ebenfurth.at\/index.php?rest_route=\/wp\/v2\/posts\/497","targetHints":{"allow":["GET"]}}],"collection":[{"href":"https:\/\/www.turnverein-ebenfurth.at\/index.php?rest_route=\/wp\/v2\/posts"}],"about":[{"href":"https:\/\/www.turnverein-ebenfurth.at\/index.php?rest_route=\/wp\/v2\/types\/post"}],"author":[{"embeddable":true,"href":"https:\/\/www.turnverein-ebenfurth.at\/index.php?rest_route=\/wp\/v2\/users\/5"}],"replies":[{"embeddable":true,"href":"https:\/\/www.turnverein-ebenfurth.at\/index.php?rest_route=%2Fwp%2Fv2%2Fcomments&post=497"}],"version-history":[{"count":3,"href":"https:\/\/www.turnverein-ebenfurth.at\/index.php?rest_route=\/wp\/v2\/posts\/497\/revisions"}],"predecessor-version":[{"id":506,"href":"https:\/\/www.turnverein-ebenfurth.at\/index.php?rest_route=\/wp\/v2\/posts\/497\/revisions\/506"}],"wp:attachment":[{"href":"https:\/\/www.turnverein-ebenfurth.at\/index.php?rest_route=%2Fwp%2Fv2%2Fmedia&parent=497"}],"wp:term":[{"taxonomy":"category","embeddable":true,"href":"https:\/\/www.turnverein-ebenfurth.at\/index.php?rest_route=%2Fwp%2Fv2%2Fcategories&post=497"},{"taxonomy":"post_tag","embeddable":true,"href":"https:\/\/www.turnverein-ebenfurth.at\/index.php?rest_route=%2Fwp%2Fv2%2Ftags&post=497"}],"curies":[{"name":"wp","href":"https:\/\/api.w.org\/{rel}","templated":true}]}}