{"id":552,"date":"2025-11-21T13:48:16","date_gmt":"2025-11-21T12:48:16","guid":{"rendered":"https:\/\/www.turnverein-ebenfurth.at\/?p=552"},"modified":"2025-11-21T14:10:05","modified_gmt":"2025-11-21T13:10:05","slug":"erste-hilfekurs-auffrischung-fuer-den-stv","status":"publish","type":"post","link":"https:\/\/www.turnverein-ebenfurth.at\/?p=552","title":{"rendered":"Auffrischung unseres Erste-Hilfe-Kurses beim STV Ebenfurth"},"content":{"rendered":"<p>Um f\u00fcr den Trainingsbetrieb bestm\u00f6glich vorbereitet zu sein, absolvierte der STV Ebenfurth am vergangenen Wochenende eine umfassende 8-st\u00fcndige Erste-Hilfe-Auffrischung. Der Kurs wurde vom ASK\u00d6 Landesverband durchgef\u00fchrt und legte besonderen Schwerpunkt auf Notf\u00e4lle mit Kindern im Turnsaal, wie sie im sportlichen Alltag auftreten k\u00f6nnen.<br \/>Unsere \u00dcbungsleiterinnen und \u00dcbungsleiter wurden intensiv in den wichtigsten Sofortma\u00dfnahmen geschult.<\/p>\n<p>Inhalte waren unter anderem:<br \/>&#8211; Erkennen und richtiges Reagieren bei akuten Notf\u00e4llen<br \/>&#8211; Versorgung typischer Sportverletzungen<br \/>&#8211; Ma\u00dfnahmen bei Bewusstlosigkeit und Atemproblemen<br \/>&#8211; Herz-Lungen-Wiederbelebung sowie der Einsatz eines Defibrillators<br \/>&#8211; Besonderheiten der Ersten Hilfe bei Kindern und Jugendlichen<\/p>\n<p>Durch diese Fortbildung stellen wir sicher, dass unser Trainerteam im Ernstfall rasch und kompetent handeln kann. Die Sicherheit unserer Turnerinnen und Turner hat f\u00fcr uns oberste Priorit\u00e4t \u2013 und gut geschulte Betreuerinnen und Betreuer sind daf\u00fcr ein wesentlicher Bestandteil.<br \/>Wir bedanken uns herzlich beim ASK\u00d6 Landesverband f\u00fcr die praxisnahe und wertvolle Schulung!<\/p>\n\n\n<div class=\"wp-block-columns is-layout-flex wp-container-core-columns-is-layout-1 wp-block-columns-is-layout-flex\">\n<div class=\"wp-block-column is-layout-flow wp-block-column-is-layout-flow\" style=\"flex-basis:100%\"><div class=\"wp-block-catfolders-block-catfolders-gallery catf-wp-block-gallery\"><ul class=\"catf-blocks-gallery-grid catf-columns-3\"><li class=\"catf-blocks-gallery-item wp-block-image\"><figure><img decoding=\"async\" src=\"https:\/\/www.turnverein-ebenfurth.at\/wp-content\/uploads\/2025\/11\/IMG_0053.jpeg\" alt=\"IMG_0053\" ><\/figure><\/li><li class=\"catf-blocks-gallery-item wp-block-image\"><figure><img decoding=\"async\" src=\"https:\/\/www.turnverein-ebenfurth.at\/wp-content\/uploads\/2025\/11\/IMG_0056.jpeg\" alt=\"IMG_0056\" ><\/figure><\/li><li class=\"catf-blocks-gallery-item wp-block-image\"><figure><img decoding=\"async\" src=\"https:\/\/www.turnverein-ebenfurth.at\/wp-content\/uploads\/2025\/11\/IMG_0057.jpeg\" alt=\"IMG_0057\" ><\/figure><\/li><li class=\"catf-blocks-gallery-item wp-block-image\"><figure><img decoding=\"async\" src=\"https:\/\/www.turnverein-ebenfurth.at\/wp-content\/uploads\/2025\/11\/IMG_0059.jpeg\" alt=\"IMG_0059\" ><\/figure><\/li><li class=\"catf-blocks-gallery-item wp-block-image\"><figure><img decoding=\"async\" src=\"https:\/\/www.turnverein-ebenfurth.at\/wp-content\/uploads\/2025\/11\/IMG_0054.jpeg\" alt=\"IMG_0054\" ><\/figure><\/li><li class=\"catf-blocks-gallery-item wp-block-image\"><figure><img decoding=\"async\" src=\"https:\/\/www.turnverein-ebenfurth.at\/wp-content\/uploads\/2025\/11\/IMG_0055-e1763730675896.jpeg\" alt=\"IMG_0055\" ><\/figure><\/li><\/ul><\/div><\/div>\n<\/div>\n\n\n\n<p><\/p>\n","protected":false},"excerpt":{"rendered":"<p>Um f\u00fcr den Trainingsbetrieb bestm\u00f6glich vorbereitet zu sein, absolvierte der STV Ebenfurth am vergangenen Wochenende [&hellip;]<\/p>\n","protected":false},"author":5,"featured_media":0,"comment_status":"closed","ping_status":"open","sticky":false,"template":"","format":"standard","meta":{"footnotes":""},"categories":[1],"tags":[],"class_list":["post-552","post","type-post","status-publish","format-standard","hentry","category-uncategorized"],"yoast_head":"<!-- This site is optimized with the Yoast SEO plugin v24.6 - https:\/\/yoast.com\/wordpress\/plugins\/seo\/ -->\n<title>Auffrischung unseres Erste-Hilfe-Kurses beim STV Ebenfurth - Turnvereien Ebenfurth<\/title>\n<meta name=\"robots\" content=\"index, follow, max-snippet:-1, max-image-preview:large, max-video-preview:-1\" \/>\n<link rel=\"canonical\" href=\"https:\/\/www.turnverein-ebenfurth.at\/?p=552\" \/>\n<meta property=\"og:locale\" content=\"de_DE\" \/>\n<meta property=\"og:type\" content=\"article\" \/>\n<meta property=\"og:title\" content=\"Auffrischung unseres Erste-Hilfe-Kurses beim STV Ebenfurth - Turnvereien Ebenfurth\" \/>\n<meta property=\"og:description\" content=\"Um f\u00fcr den Trainingsbetrieb bestm\u00f6glich vorbereitet zu sein, absolvierte der STV Ebenfurth am vergangenen Wochenende [&hellip;]\" \/>\n<meta property=\"og:url\" content=\"https:\/\/www.turnverein-ebenfurth.at\/?p=552\" \/>\n<meta property=\"og:site_name\" content=\"Turnvereien Ebenfurth\" \/>\n<meta property=\"article:published_time\" content=\"2025-11-21T12:48:16+00:00\" \/>\n<meta property=\"article:modified_time\" content=\"2025-11-21T13:10:05+00:00\" \/>\n<meta name=\"author\" content=\"Florian Schinninger\" \/>\n<meta name=\"twitter:card\" content=\"summary_large_image\" \/>\n<meta name=\"twitter:label1\" content=\"Verfasst von\" \/>\n\t<meta name=\"twitter:data1\" content=\"Florian Schinninger\" \/>\n\t<meta name=\"twitter:label2\" content=\"Gesch\u00e4tzte Lesezeit\" \/>\n\t<meta name=\"twitter:data2\" content=\"1\u00a0Minute\" \/>\n<script type=\"application\/ld+json\" class=\"yoast-schema-graph\">{\"@context\":\"https:\/\/schema.org\",\"@graph\":[{\"@type\":\"Article\",\"@id\":\"https:\/\/www.turnverein-ebenfurth.at\/?p=552#article\",\"isPartOf\":{\"@id\":\"https:\/\/www.turnverein-ebenfurth.at\/?p=552\"},\"author\":{\"name\":\"Florian Schinninger\",\"@id\":\"https:\/\/www.turnverein-ebenfurth.at\/#\/schema\/person\/432435dc27ce1a33b02cb4546b04717b\"},\"headline\":\"Auffrischung unseres Erste-Hilfe-Kurses beim STV Ebenfurth\",\"datePublished\":\"2025-11-21T12:48:16+00:00\",\"dateModified\":\"2025-11-21T13:10:05+00:00\",\"mainEntityOfPage\":{\"@id\":\"https:\/\/www.turnverein-ebenfurth.at\/?p=552\"},\"wordCount\":158,\"publisher\":{\"@id\":\"https:\/\/www.turnverein-ebenfurth.at\/#organization\"},\"articleSection\":[\"Uncategorized\"],\"inLanguage\":\"de\"},{\"@type\":\"WebPage\",\"@id\":\"https:\/\/www.turnverein-ebenfurth.at\/?p=552\",\"url\":\"https:\/\/www.turnverein-ebenfurth.at\/?p=552\",\"name\":\"Auffrischung unseres Erste-Hilfe-Kurses beim STV Ebenfurth - Turnvereien Ebenfurth\",\"isPartOf\":{\"@id\":\"https:\/\/www.turnverein-ebenfurth.at\/#website\"},\"datePublished\":\"2025-11-21T12:48:16+00:00\",\"dateModified\":\"2025-11-21T13:10:05+00:00\",\"breadcrumb\":{\"@id\":\"https:\/\/www.turnverein-ebenfurth.at\/?p=552#breadcrumb\"},\"inLanguage\":\"de\",\"potentialAction\":[{\"@type\":\"ReadAction\",\"target\":[\"https:\/\/www.turnverein-ebenfurth.at\/?p=552\"]}]},{\"@type\":\"BreadcrumbList\",\"@id\":\"https:\/\/www.turnverein-ebenfurth.at\/?p=552#breadcrumb\",\"itemListElement\":[{\"@type\":\"ListItem\",\"position\":1,\"name\":\"Startseite\",\"item\":\"https:\/\/www.turnverein-ebenfurth.at\/\"},{\"@type\":\"ListItem\",\"position\":2,\"name\":\"Auffrischung unseres Erste-Hilfe-Kurses beim STV Ebenfurth\"}]},{\"@type\":\"WebSite\",\"@id\":\"https:\/\/www.turnverein-ebenfurth.at\/#website\",\"url\":\"https:\/\/www.turnverein-ebenfurth.at\/\",\"name\":\"St\u00e4dtischer Turnverein Ebenfurth\",\"description\":\"Turnverein Ebenfurth\",\"publisher\":{\"@id\":\"https:\/\/www.turnverein-ebenfurth.at\/#organization\"},\"alternateName\":\"Turnverein Ebenfurth\",\"potentialAction\":[{\"@type\":\"SearchAction\",\"target\":{\"@type\":\"EntryPoint\",\"urlTemplate\":\"https:\/\/www.turnverein-ebenfurth.at\/?s={search_term_string}\"},\"query-input\":{\"@type\":\"PropertyValueSpecification\",\"valueRequired\":true,\"valueName\":\"search_term_string\"}}],\"inLanguage\":\"de\"},{\"@type\":\"Organization\",\"@id\":\"https:\/\/www.turnverein-ebenfurth.at\/#organization\",\"name\":\"St\u00e4dtischer Turnverein Ebenfurth\",\"alternateName\":\"STV Ebenfurth\",\"url\":\"https:\/\/www.turnverein-ebenfurth.at\/\",\"logo\":{\"@type\":\"ImageObject\",\"inLanguage\":\"de\",\"@id\":\"https:\/\/www.turnverein-ebenfurth.at\/#\/schema\/logo\/image\/\",\"url\":\"https:\/\/www.turnverein-ebenfurth.at\/wp-content\/uploads\/2025\/03\/STV_Logo.jpg\",\"contentUrl\":\"https:\/\/www.turnverein-ebenfurth.at\/wp-content\/uploads\/2025\/03\/STV_Logo.jpg\",\"width\":413,\"height\":122,\"caption\":\"St\u00e4dtischer Turnverein Ebenfurth\"},\"image\":{\"@id\":\"https:\/\/www.turnverein-ebenfurth.at\/#\/schema\/logo\/image\/\"}},{\"@type\":\"Person\",\"@id\":\"https:\/\/www.turnverein-ebenfurth.at\/#\/schema\/person\/432435dc27ce1a33b02cb4546b04717b\",\"name\":\"Florian Schinninger\",\"image\":{\"@type\":\"ImageObject\",\"inLanguage\":\"de\",\"@id\":\"https:\/\/www.turnverein-ebenfurth.at\/#\/schema\/person\/image\/\",\"url\":\"https:\/\/secure.gravatar.com\/avatar\/84023a6465172344c939093c1c324695?s=96&d=mm&r=g\",\"contentUrl\":\"https:\/\/secure.gravatar.com\/avatar\/84023a6465172344c939093c1c324695?s=96&d=mm&r=g\",\"caption\":\"Florian Schinninger\"},\"url\":\"https:\/\/www.turnverein-ebenfurth.at\/?author=5\"}]}<\/script>\n<!-- \/ Yoast SEO plugin. -->","yoast_head_json":{"title":"Auffrischung unseres Erste-Hilfe-Kurses beim STV Ebenfurth - Turnvereien Ebenfurth","robots":{"index":"index","follow":"follow","max-snippet":"max-snippet:-1","max-image-preview":"max-image-preview:large","max-video-preview":"max-video-preview:-1"},"canonical":"https:\/\/www.turnverein-ebenfurth.at\/?p=552","og_locale":"de_DE","og_type":"article","og_title":"Auffrischung unseres Erste-Hilfe-Kurses beim STV Ebenfurth - Turnvereien Ebenfurth","og_description":"Um f\u00fcr den Trainingsbetrieb bestm\u00f6glich vorbereitet zu sein, absolvierte der STV Ebenfurth am vergangenen Wochenende [&hellip;]","og_url":"https:\/\/www.turnverein-ebenfurth.at\/?p=552","og_site_name":"Turnvereien Ebenfurth","article_published_time":"2025-11-21T12:48:16+00:00","article_modified_time":"2025-11-21T13:10:05+00:00","author":"Florian Schinninger","twitter_card":"summary_large_image","twitter_misc":{"Verfasst von":"Florian Schinninger","Gesch\u00e4tzte Lesezeit":"1\u00a0Minute"},"schema":{"@context":"https:\/\/schema.org","@graph":[{"@type":"Article","@id":"https:\/\/www.turnverein-ebenfurth.at\/?p=552#article","isPartOf":{"@id":"https:\/\/www.turnverein-ebenfurth.at\/?p=552"},"author":{"name":"Florian Schinninger","@id":"https:\/\/www.turnverein-ebenfurth.at\/#\/schema\/person\/432435dc27ce1a33b02cb4546b04717b"},"headline":"Auffrischung unseres Erste-Hilfe-Kurses beim STV Ebenfurth","datePublished":"2025-11-21T12:48:16+00:00","dateModified":"2025-11-21T13:10:05+00:00","mainEntityOfPage":{"@id":"https:\/\/www.turnverein-ebenfurth.at\/?p=552"},"wordCount":158,"publisher":{"@id":"https:\/\/www.turnverein-ebenfurth.at\/#organization"},"articleSection":["Uncategorized"],"inLanguage":"de"},{"@type":"WebPage","@id":"https:\/\/www.turnverein-ebenfurth.at\/?p=552","url":"https:\/\/www.turnverein-ebenfurth.at\/?p=552","name":"Auffrischung unseres Erste-Hilfe-Kurses beim STV Ebenfurth - Turnvereien Ebenfurth","isPartOf":{"@id":"https:\/\/www.turnverein-ebenfurth.at\/#website"},"datePublished":"2025-11-21T12:48:16+00:00","dateModified":"2025-11-21T13:10:05+00:00","breadcrumb":{"@id":"https:\/\/www.turnverein-ebenfurth.at\/?p=552#breadcrumb"},"inLanguage":"de","potentialAction":[{"@type":"ReadAction","target":["https:\/\/www.turnverein-ebenfurth.at\/?p=552"]}]},{"@type":"BreadcrumbList","@id":"https:\/\/www.turnverein-ebenfurth.at\/?p=552#breadcrumb","itemListElement":[{"@type":"ListItem","position":1,"name":"Startseite","item":"https:\/\/www.turnverein-ebenfurth.at\/"},{"@type":"ListItem","position":2,"name":"Auffrischung unseres Erste-Hilfe-Kurses beim STV Ebenfurth"}]},{"@type":"WebSite","@id":"https:\/\/www.turnverein-ebenfurth.at\/#website","url":"https:\/\/www.turnverein-ebenfurth.at\/","name":"St\u00e4dtischer Turnverein Ebenfurth","description":"Turnverein Ebenfurth","publisher":{"@id":"https:\/\/www.turnverein-ebenfurth.at\/#organization"},"alternateName":"Turnverein Ebenfurth","potentialAction":[{"@type":"SearchAction","target":{"@type":"EntryPoint","urlTemplate":"https:\/\/www.turnverein-ebenfurth.at\/?s={search_term_string}"},"query-input":{"@type":"PropertyValueSpecification","valueRequired":true,"valueName":"search_term_string"}}],"inLanguage":"de"},{"@type":"Organization","@id":"https:\/\/www.turnverein-ebenfurth.at\/#organization","name":"St\u00e4dtischer Turnverein Ebenfurth","alternateName":"STV Ebenfurth","url":"https:\/\/www.turnverein-ebenfurth.at\/","logo":{"@type":"ImageObject","inLanguage":"de","@id":"https:\/\/www.turnverein-ebenfurth.at\/#\/schema\/logo\/image\/","url":"https:\/\/www.turnverein-ebenfurth.at\/wp-content\/uploads\/2025\/03\/STV_Logo.jpg","contentUrl":"https:\/\/www.turnverein-ebenfurth.at\/wp-content\/uploads\/2025\/03\/STV_Logo.jpg","width":413,"height":122,"caption":"St\u00e4dtischer Turnverein Ebenfurth"},"image":{"@id":"https:\/\/www.turnverein-ebenfurth.at\/#\/schema\/logo\/image\/"}},{"@type":"Person","@id":"https:\/\/www.turnverein-ebenfurth.at\/#\/schema\/person\/432435dc27ce1a33b02cb4546b04717b","name":"Florian Schinninger","image":{"@type":"ImageObject","inLanguage":"de","@id":"https:\/\/www.turnverein-ebenfurth.at\/#\/schema\/person\/image\/","url":"https:\/\/secure.gravatar.com\/avatar\/84023a6465172344c939093c1c324695?s=96&d=mm&r=g","contentUrl":"https:\/\/secure.gravatar.com\/avatar\/84023a6465172344c939093c1c324695?s=96&d=mm&r=g","caption":"Florian Schinninger"},"url":"https:\/\/www.turnverein-ebenfurth.at\/?author=5"}]}},"_links":{"self":[{"href":"https:\/\/www.turnverein-ebenfurth.at\/index.php?rest_route=\/wp\/v2\/posts\/552","targetHints":{"allow":["GET"]}}],"collection":[{"href":"https:\/\/www.turnverein-ebenfurth.at\/index.php?rest_route=\/wp\/v2\/posts"}],"about":[{"href":"https:\/\/www.turnverein-ebenfurth.at\/index.php?rest_route=\/wp\/v2\/types\/post"}],"author":[{"embeddable":true,"href":"https:\/\/www.turnverein-ebenfurth.at\/index.php?rest_route=\/wp\/v2\/users\/5"}],"replies":[{"embeddable":true,"href":"https:\/\/www.turnverein-ebenfurth.at\/index.php?rest_route=%2Fwp%2Fv2%2Fcomments&post=552"}],"version-history":[{"count":5,"href":"https:\/\/www.turnverein-ebenfurth.at\/index.php?rest_route=\/wp\/v2\/posts\/552\/revisions"}],"predecessor-version":[{"id":564,"href":"https:\/\/www.turnverein-ebenfurth.at\/index.php?rest_route=\/wp\/v2\/posts\/552\/revisions\/564"}],"wp:attachment":[{"href":"https:\/\/www.turnverein-ebenfurth.at\/index.php?rest_route=%2Fwp%2Fv2%2Fmedia&parent=552"}],"wp:term":[{"taxonomy":"category","embeddable":true,"href":"https:\/\/www.turnverein-ebenfurth.at\/index.php?rest_route=%2Fwp%2Fv2%2Fcategories&post=552"},{"taxonomy":"post_tag","embeddable":true,"href":"https:\/\/www.turnverein-ebenfurth.at\/index.php?rest_route=%2Fwp%2Fv2%2Ftags&post=552"}],"curies":[{"name":"wp","href":"https:\/\/api.w.org\/{rel}","templated":true}]}}