{"id":570,"date":"2026-01-12T11:16:42","date_gmt":"2026-01-12T10:16:42","guid":{"rendered":"https:\/\/www.turnverein-ebenfurth.at\/?p=570"},"modified":"2026-01-12T11:20:47","modified_gmt":"2026-01-12T10:20:47","slug":"adventfenster-2026","status":"publish","type":"post","link":"https:\/\/www.turnverein-ebenfurth.at\/?p=570","title":{"rendered":"Adventfenster 2026"},"content":{"rendered":"<p>Auch in diesem Jahr waren wir wieder bei der Ebenfurther Adventfenster-Aktion mit dabei.<\/p>\n<p>Im Rahmen des Adventfensters 2026 nutzten wir die Gelegenheit, uns gemeinsam auf die bevorstehende Weihnachtspause einzustimmen. Bei Punsch und Keksen kamen Turnerinnen, Turner und Eltern in gem\u00fctlicher Atmosph\u00e4re zusammen.<\/p>\n<p>Das Beisammensein bot Raum f\u00fcr nette Gespr\u00e4che, einen kurzen R\u00fcckblick auf das vergangene Jahr und eine stimmungsvolle Einstimmung auf die Weihnachtszeit.<\/p>\n\n\n<div class=\"wp-block-group\"><div class=\"wp-block-group__inner-container is-layout-constrained wp-block-group-is-layout-constrained\"><div class=\"wp-block-catfolders-block-catfolders-gallery catf-wp-block-gallery\"><ul class=\"catf-blocks-gallery-grid is-style-masonry catf-columns-3\"><li class=\"catf-blocks-gallery-item wp-block-image\"><figure><img decoding=\"async\" src=\"https:\/\/www.turnverein-ebenfurth.at\/wp-content\/uploads\/2026\/01\/1d15bcae-e4b9-4c46-952b-495b07433cfb.jpeg\" alt=\"1d15bcae-e4b9-4c46-952b-495b07433cfb\" ><\/figure><\/li><li class=\"catf-blocks-gallery-item wp-block-image\"><figure><img decoding=\"async\" src=\"https:\/\/www.turnverein-ebenfurth.at\/wp-content\/uploads\/2026\/01\/4080d101-2189-4f8e-9605-e0db4c3f6878.jpeg\" alt=\"4080d101-2189-4f8e-9605-e0db4c3f6878\" ><\/figure><\/li><li class=\"catf-blocks-gallery-item wp-block-image\"><figure><img decoding=\"async\" src=\"https:\/\/www.turnverein-ebenfurth.at\/wp-content\/uploads\/2026\/01\/a07fe95f-3296-49c5-bb97-8e3ca66a1acb.jpeg\" alt=\"a07fe95f-3296-49c5-bb97-8e3ca66a1acb\" ><\/figure><\/li><li class=\"catf-blocks-gallery-item wp-block-image\"><figure><img decoding=\"async\" src=\"https:\/\/www.turnverein-ebenfurth.at\/wp-content\/uploads\/2026\/01\/c77faa91-c472-4cfb-bd93-301bc4046a59.jpeg\" alt=\"c77faa91-c472-4cfb-bd93-301bc4046a59\" ><\/figure><\/li><li class=\"catf-blocks-gallery-item wp-block-image\"><figure><img decoding=\"async\" src=\"https:\/\/www.turnverein-ebenfurth.at\/wp-content\/uploads\/2026\/01\/d60fd191-7963-48d0-9bb1-a6835d352941.jpeg\" alt=\"d60fd191-7963-48d0-9bb1-a6835d352941\" ><\/figure><\/li><\/ul><\/div><\/div><\/div>\n\n\n\n<p><\/p>\n","protected":false},"excerpt":{"rendered":"<p>Auch in diesem Jahr waren wir wieder bei der Ebenfurther Adventfenster-Aktion mit dabei. Im Rahmen [&hellip;]<\/p>\n","protected":false},"author":5,"featured_media":0,"comment_status":"closed","ping_status":"open","sticky":false,"template":"","format":"standard","meta":{"footnotes":""},"categories":[1],"tags":[],"class_list":["post-570","post","type-post","status-publish","format-standard","hentry","category-uncategorized"],"yoast_head":"<!-- This site is optimized with the Yoast SEO plugin v24.6 - https:\/\/yoast.com\/wordpress\/plugins\/seo\/ -->\n<title>Adventfenster 2026 - Turnvereien Ebenfurth<\/title>\n<meta name=\"robots\" content=\"index, follow, max-snippet:-1, max-image-preview:large, max-video-preview:-1\" \/>\n<link rel=\"canonical\" href=\"https:\/\/www.turnverein-ebenfurth.at\/?p=570\" \/>\n<meta property=\"og:locale\" content=\"de_DE\" \/>\n<meta property=\"og:type\" content=\"article\" \/>\n<meta property=\"og:title\" content=\"Adventfenster 2026 - Turnvereien Ebenfurth\" \/>\n<meta property=\"og:description\" content=\"Auch in diesem Jahr waren wir wieder bei der Ebenfurther Adventfenster-Aktion mit dabei. Im Rahmen [&hellip;]\" \/>\n<meta property=\"og:url\" content=\"https:\/\/www.turnverein-ebenfurth.at\/?p=570\" \/>\n<meta property=\"og:site_name\" content=\"Turnvereien Ebenfurth\" \/>\n<meta property=\"article:published_time\" content=\"2026-01-12T10:16:42+00:00\" \/>\n<meta property=\"article:modified_time\" content=\"2026-01-12T10:20:47+00:00\" \/>\n<meta name=\"author\" content=\"Florian Schinninger\" \/>\n<meta name=\"twitter:card\" content=\"summary_large_image\" \/>\n<meta name=\"twitter:label1\" content=\"Verfasst von\" \/>\n\t<meta name=\"twitter:data1\" content=\"Florian Schinninger\" \/>\n<script type=\"application\/ld+json\" class=\"yoast-schema-graph\">{\"@context\":\"https:\/\/schema.org\",\"@graph\":[{\"@type\":\"Article\",\"@id\":\"https:\/\/www.turnverein-ebenfurth.at\/?p=570#article\",\"isPartOf\":{\"@id\":\"https:\/\/www.turnverein-ebenfurth.at\/?p=570\"},\"author\":{\"name\":\"Florian Schinninger\",\"@id\":\"https:\/\/www.turnverein-ebenfurth.at\/#\/schema\/person\/432435dc27ce1a33b02cb4546b04717b\"},\"headline\":\"Adventfenster 2026\",\"datePublished\":\"2026-01-12T10:16:42+00:00\",\"dateModified\":\"2026-01-12T10:20:47+00:00\",\"mainEntityOfPage\":{\"@id\":\"https:\/\/www.turnverein-ebenfurth.at\/?p=570\"},\"wordCount\":68,\"publisher\":{\"@id\":\"https:\/\/www.turnverein-ebenfurth.at\/#organization\"},\"articleSection\":[\"Uncategorized\"],\"inLanguage\":\"de\"},{\"@type\":\"WebPage\",\"@id\":\"https:\/\/www.turnverein-ebenfurth.at\/?p=570\",\"url\":\"https:\/\/www.turnverein-ebenfurth.at\/?p=570\",\"name\":\"Adventfenster 2026 - Turnvereien Ebenfurth\",\"isPartOf\":{\"@id\":\"https:\/\/www.turnverein-ebenfurth.at\/#website\"},\"datePublished\":\"2026-01-12T10:16:42+00:00\",\"dateModified\":\"2026-01-12T10:20:47+00:00\",\"breadcrumb\":{\"@id\":\"https:\/\/www.turnverein-ebenfurth.at\/?p=570#breadcrumb\"},\"inLanguage\":\"de\",\"potentialAction\":[{\"@type\":\"ReadAction\",\"target\":[\"https:\/\/www.turnverein-ebenfurth.at\/?p=570\"]}]},{\"@type\":\"BreadcrumbList\",\"@id\":\"https:\/\/www.turnverein-ebenfurth.at\/?p=570#breadcrumb\",\"itemListElement\":[{\"@type\":\"ListItem\",\"position\":1,\"name\":\"Startseite\",\"item\":\"https:\/\/www.turnverein-ebenfurth.at\/\"},{\"@type\":\"ListItem\",\"position\":2,\"name\":\"Adventfenster 2026\"}]},{\"@type\":\"WebSite\",\"@id\":\"https:\/\/www.turnverein-ebenfurth.at\/#website\",\"url\":\"https:\/\/www.turnverein-ebenfurth.at\/\",\"name\":\"St\u00e4dtischer Turnverein Ebenfurth\",\"description\":\"Turnverein Ebenfurth\",\"publisher\":{\"@id\":\"https:\/\/www.turnverein-ebenfurth.at\/#organization\"},\"alternateName\":\"Turnverein Ebenfurth\",\"potentialAction\":[{\"@type\":\"SearchAction\",\"target\":{\"@type\":\"EntryPoint\",\"urlTemplate\":\"https:\/\/www.turnverein-ebenfurth.at\/?s={search_term_string}\"},\"query-input\":{\"@type\":\"PropertyValueSpecification\",\"valueRequired\":true,\"valueName\":\"search_term_string\"}}],\"inLanguage\":\"de\"},{\"@type\":\"Organization\",\"@id\":\"https:\/\/www.turnverein-ebenfurth.at\/#organization\",\"name\":\"St\u00e4dtischer Turnverein Ebenfurth\",\"alternateName\":\"STV Ebenfurth\",\"url\":\"https:\/\/www.turnverein-ebenfurth.at\/\",\"logo\":{\"@type\":\"ImageObject\",\"inLanguage\":\"de\",\"@id\":\"https:\/\/www.turnverein-ebenfurth.at\/#\/schema\/logo\/image\/\",\"url\":\"https:\/\/www.turnverein-ebenfurth.at\/wp-content\/uploads\/2025\/03\/STV_Logo.jpg\",\"contentUrl\":\"https:\/\/www.turnverein-ebenfurth.at\/wp-content\/uploads\/2025\/03\/STV_Logo.jpg\",\"width\":413,\"height\":122,\"caption\":\"St\u00e4dtischer Turnverein Ebenfurth\"},\"image\":{\"@id\":\"https:\/\/www.turnverein-ebenfurth.at\/#\/schema\/logo\/image\/\"}},{\"@type\":\"Person\",\"@id\":\"https:\/\/www.turnverein-ebenfurth.at\/#\/schema\/person\/432435dc27ce1a33b02cb4546b04717b\",\"name\":\"Florian Schinninger\",\"image\":{\"@type\":\"ImageObject\",\"inLanguage\":\"de\",\"@id\":\"https:\/\/www.turnverein-ebenfurth.at\/#\/schema\/person\/image\/\",\"url\":\"https:\/\/secure.gravatar.com\/avatar\/84023a6465172344c939093c1c324695?s=96&d=mm&r=g\",\"contentUrl\":\"https:\/\/secure.gravatar.com\/avatar\/84023a6465172344c939093c1c324695?s=96&d=mm&r=g\",\"caption\":\"Florian Schinninger\"},\"url\":\"https:\/\/www.turnverein-ebenfurth.at\/?author=5\"}]}<\/script>\n<!-- \/ Yoast SEO plugin. -->","yoast_head_json":{"title":"Adventfenster 2026 - Turnvereien Ebenfurth","robots":{"index":"index","follow":"follow","max-snippet":"max-snippet:-1","max-image-preview":"max-image-preview:large","max-video-preview":"max-video-preview:-1"},"canonical":"https:\/\/www.turnverein-ebenfurth.at\/?p=570","og_locale":"de_DE","og_type":"article","og_title":"Adventfenster 2026 - Turnvereien Ebenfurth","og_description":"Auch in diesem Jahr waren wir wieder bei der Ebenfurther Adventfenster-Aktion mit dabei. Im Rahmen [&hellip;]","og_url":"https:\/\/www.turnverein-ebenfurth.at\/?p=570","og_site_name":"Turnvereien Ebenfurth","article_published_time":"2026-01-12T10:16:42+00:00","article_modified_time":"2026-01-12T10:20:47+00:00","author":"Florian Schinninger","twitter_card":"summary_large_image","twitter_misc":{"Verfasst von":"Florian Schinninger"},"schema":{"@context":"https:\/\/schema.org","@graph":[{"@type":"Article","@id":"https:\/\/www.turnverein-ebenfurth.at\/?p=570#article","isPartOf":{"@id":"https:\/\/www.turnverein-ebenfurth.at\/?p=570"},"author":{"name":"Florian Schinninger","@id":"https:\/\/www.turnverein-ebenfurth.at\/#\/schema\/person\/432435dc27ce1a33b02cb4546b04717b"},"headline":"Adventfenster 2026","datePublished":"2026-01-12T10:16:42+00:00","dateModified":"2026-01-12T10:20:47+00:00","mainEntityOfPage":{"@id":"https:\/\/www.turnverein-ebenfurth.at\/?p=570"},"wordCount":68,"publisher":{"@id":"https:\/\/www.turnverein-ebenfurth.at\/#organization"},"articleSection":["Uncategorized"],"inLanguage":"de"},{"@type":"WebPage","@id":"https:\/\/www.turnverein-ebenfurth.at\/?p=570","url":"https:\/\/www.turnverein-ebenfurth.at\/?p=570","name":"Adventfenster 2026 - Turnvereien Ebenfurth","isPartOf":{"@id":"https:\/\/www.turnverein-ebenfurth.at\/#website"},"datePublished":"2026-01-12T10:16:42+00:00","dateModified":"2026-01-12T10:20:47+00:00","breadcrumb":{"@id":"https:\/\/www.turnverein-ebenfurth.at\/?p=570#breadcrumb"},"inLanguage":"de","potentialAction":[{"@type":"ReadAction","target":["https:\/\/www.turnverein-ebenfurth.at\/?p=570"]}]},{"@type":"BreadcrumbList","@id":"https:\/\/www.turnverein-ebenfurth.at\/?p=570#breadcrumb","itemListElement":[{"@type":"ListItem","position":1,"name":"Startseite","item":"https:\/\/www.turnverein-ebenfurth.at\/"},{"@type":"ListItem","position":2,"name":"Adventfenster 2026"}]},{"@type":"WebSite","@id":"https:\/\/www.turnverein-ebenfurth.at\/#website","url":"https:\/\/www.turnverein-ebenfurth.at\/","name":"St\u00e4dtischer Turnverein Ebenfurth","description":"Turnverein Ebenfurth","publisher":{"@id":"https:\/\/www.turnverein-ebenfurth.at\/#organization"},"alternateName":"Turnverein Ebenfurth","potentialAction":[{"@type":"SearchAction","target":{"@type":"EntryPoint","urlTemplate":"https:\/\/www.turnverein-ebenfurth.at\/?s={search_term_string}"},"query-input":{"@type":"PropertyValueSpecification","valueRequired":true,"valueName":"search_term_string"}}],"inLanguage":"de"},{"@type":"Organization","@id":"https:\/\/www.turnverein-ebenfurth.at\/#organization","name":"St\u00e4dtischer Turnverein Ebenfurth","alternateName":"STV Ebenfurth","url":"https:\/\/www.turnverein-ebenfurth.at\/","logo":{"@type":"ImageObject","inLanguage":"de","@id":"https:\/\/www.turnverein-ebenfurth.at\/#\/schema\/logo\/image\/","url":"https:\/\/www.turnverein-ebenfurth.at\/wp-content\/uploads\/2025\/03\/STV_Logo.jpg","contentUrl":"https:\/\/www.turnverein-ebenfurth.at\/wp-content\/uploads\/2025\/03\/STV_Logo.jpg","width":413,"height":122,"caption":"St\u00e4dtischer Turnverein Ebenfurth"},"image":{"@id":"https:\/\/www.turnverein-ebenfurth.at\/#\/schema\/logo\/image\/"}},{"@type":"Person","@id":"https:\/\/www.turnverein-ebenfurth.at\/#\/schema\/person\/432435dc27ce1a33b02cb4546b04717b","name":"Florian Schinninger","image":{"@type":"ImageObject","inLanguage":"de","@id":"https:\/\/www.turnverein-ebenfurth.at\/#\/schema\/person\/image\/","url":"https:\/\/secure.gravatar.com\/avatar\/84023a6465172344c939093c1c324695?s=96&d=mm&r=g","contentUrl":"https:\/\/secure.gravatar.com\/avatar\/84023a6465172344c939093c1c324695?s=96&d=mm&r=g","caption":"Florian Schinninger"},"url":"https:\/\/www.turnverein-ebenfurth.at\/?author=5"}]}},"_links":{"self":[{"href":"https:\/\/www.turnverein-ebenfurth.at\/index.php?rest_route=\/wp\/v2\/posts\/570","targetHints":{"allow":["GET"]}}],"collection":[{"href":"https:\/\/www.turnverein-ebenfurth.at\/index.php?rest_route=\/wp\/v2\/posts"}],"about":[{"href":"https:\/\/www.turnverein-ebenfurth.at\/index.php?rest_route=\/wp\/v2\/types\/post"}],"author":[{"embeddable":true,"href":"https:\/\/www.turnverein-ebenfurth.at\/index.php?rest_route=\/wp\/v2\/users\/5"}],"replies":[{"embeddable":true,"href":"https:\/\/www.turnverein-ebenfurth.at\/index.php?rest_route=%2Fwp%2Fv2%2Fcomments&post=570"}],"version-history":[{"count":2,"href":"https:\/\/www.turnverein-ebenfurth.at\/index.php?rest_route=\/wp\/v2\/posts\/570\/revisions"}],"predecessor-version":[{"id":615,"href":"https:\/\/www.turnverein-ebenfurth.at\/index.php?rest_route=\/wp\/v2\/posts\/570\/revisions\/615"}],"wp:attachment":[{"href":"https:\/\/www.turnverein-ebenfurth.at\/index.php?rest_route=%2Fwp%2Fv2%2Fmedia&parent=570"}],"wp:term":[{"taxonomy":"category","embeddable":true,"href":"https:\/\/www.turnverein-ebenfurth.at\/index.php?rest_route=%2Fwp%2Fv2%2Fcategories&post=570"},{"taxonomy":"post_tag","embeddable":true,"href":"https:\/\/www.turnverein-ebenfurth.at\/index.php?rest_route=%2Fwp%2Fv2%2Ftags&post=570"}],"curies":[{"name":"wp","href":"https:\/\/api.w.org\/{rel}","templated":true}]}}